{"id":3453,"date":"2023-09-01T16:17:17","date_gmt":"2023-09-01T15:17:17","guid":{"rendered":"https:\/\/22agmadeira.com\/?p=3453"},"modified":"2023-09-07T15:21:18","modified_gmt":"2023-09-07T14:21:18","slug":"rent-a-car-in-madeira","status":"publish","type":"post","link":"https:\/\/22agmadeira.com\/fr\/rent-a-car-in-madeira\/","title":{"rendered":"Explorez la magnifique \u00eele de Mad\u00e8re avec nos services de location de voitures\u00a0!"},"content":{"rendered":"<p>\u00cates-vous pr\u00eat \u00e0 vous lancer dans une aventure inoubliable sur la pittoresque \u00eele de Mad\u00e8re ? Cherchez pas plus loin! Nos services de location de voitures sont l\u00e0 pour faire de votre exploration de cette \u00eele paradisiaque un jeu d&#039;enfant.<\/p>\n\n\n\n<h2 class=\"wp-block-heading\"><strong>Madeira: Nature's Masterpiece<\/strong><\/h2>\n\n\n\n<p>Nestled in the heart of the Atlantic Ocean, Madeira is a haven for nature lovers and adventure seekers. Known as the \"Pearl of the Atlantic,\" this Portuguese island boasts lush green landscapes, rugged mountains, breathtaking coastlines, and a year-round temperate climate that makes it a perfect destination any time of the year.<\/p>\n\n\n\n<h2 class=\"wp-block-heading\"><strong>Pourquoi choisir Mad\u00e8re pour votre prochaine escapade ?<\/strong><\/h2>\n\n\n\n<ol class=\"wp-block-list\">\n<li><strong>Routes panoramiques spectaculaires\u00a0:<\/strong> Mad\u00e8re est r\u00e9put\u00e9e pour ses routes c\u00f4ti\u00e8res sinueuses et son relief montagneux, ce qui en fait une destination de r\u00eave pour les road trips. Gr\u00e2ce \u00e0 nos services de location de voitures, vous pourrez explorer tous les recoins de l&#039;\u00eele \u00e0 votre rythme.<\/li>\n\n\n\n<li><strong>Joyaux cach\u00e9s\u00a0:<\/strong> Au-del\u00e0 de ses attractions c\u00e9l\u00e8bres comme Funchal, Pico do Arieiro et Porto Moniz, Mad\u00e8re regorge de joyaux cach\u00e9s \u00e0 d\u00e9couvrir. Avec votre propre voiture de location, vous pouvez facilement acc\u00e9der \u00e0 des villages isol\u00e9s, des plages isol\u00e9es et des points de vue \u00e9poustouflants hors des sentiers battus.<\/li>\n\n\n\n<li><strong>Aventures en plein air\u00a0:<\/strong> Mad\u00e8re offre une multitude d&#039;activit\u00e9s de plein air, de la randonn\u00e9e le long des levadas (canaux d&#039;irrigation) \u00e0 l&#039;exploration des for\u00eats anciennes. Avoir une voiture de location vous donne la flexibilit\u00e9 d&#039;atteindre les points de d\u00e9part des sentiers et de vous lancer facilement dans les aventures de votre choix. Vous pouvez trouver plus d&#039;aventures <a href=\"https:\/\/greendevilsafari.com\/pt\/\" target=\"_blank\" rel=\"noreferrer noopener\">ici!<\/a><\/li>\n\n\n\n<li><strong>D\u00e9lices culinaires\u00a0:<\/strong> Indulge in the island's delectable cuisine, including fresh seafood, exotic fruits, and world-famous Madeira wine. Your rental car allows you to explore local eateries and vineyards, creating a culinary journey you won't forget.<\/li>\n<\/ol>\n\n\n\n<h2 class=\"wp-block-heading\"><strong>D\u00e9couvrez Mad\u00e8re avec<\/strong> 22AG Location de voiture<\/h2>\n\n\n\n<p>Ready to start your Madeira adventure? Our user-friendly website makes it simple to book the perfect rental car for your needs. Whether you're traveling solo, as a couple, or with family and friends, we have a wide range of vehicles to suit your requirements.<\/p>\n\n\n\n<p><strong>Pourquoi nous choisir?<\/strong><\/p>\n\n\n\n<ul class=\"wp-block-list\">\n<li><strong>Prix comp\u00e9titifs:<\/strong> Nous proposons des tarifs de location parmi les plus abordables de l&#039;\u00eele, vous garantissant ainsi le meilleur rapport qualit\u00e9-prix.<\/li>\n\n\n\n<li><strong>Commodit\u00e9:<\/strong> Nos points de prise en charge et de d\u00e9p\u00f4t sont strat\u00e9giquement plac\u00e9s pour vous offrir la plus grande commodit\u00e9.<\/li>\n\n\n\n<li><strong>Vari\u00e9t\u00e9 de flotte\u00a0:<\/strong> Des voitures compactes pour les explorations urbaines aux SUV pour les terrains accident\u00e9s, nous disposons d&#039;une flotte diversifi\u00e9e pour r\u00e9pondre \u00e0 toutes les pr\u00e9f\u00e9rences.<\/li>\n\n\n\n<li><strong>Service client:<\/strong> Notre personnel amical et comp\u00e9tent est l\u00e0 pour vous aider tout au long de votre exp\u00e9rience de location, garantissant que votre voyage se d\u00e9roule sans accroc.<\/li>\n<\/ul>\n\n\n\n<p>Don't miss out on the chance to explore Madeira's breathtaking beauty on your terms. Visit our website today to book your rental car and start planning your dream getaway in Madeira! <\/p>\n\n\n\n<p><a href=\"https:\/\/22agmadeira.com\/fr\/fleet-car-rental\/\" target=\"_blank\" rel=\"noreferrer noopener\">R\u00e9servez votre voiture maintenant ici !<\/a><\/p>","protected":false},"excerpt":{"rendered":"<p>D\u00e9couvrez la beaut\u00e9 naturelle de Mad\u00e8re gr\u00e2ce \u00e0 nos services de location de voiture abordables et pratiques. Explorez l&#039;\u00eele \u00e0 votre rythme, des routes c\u00f4ti\u00e8res pittoresques aux tr\u00e9sors cach\u00e9s, le tout rendu accessible gr\u00e2ce \u00e0 notre flotte de location diversifi\u00e9e. Profitez d&#039;aventures en plein air, savourez des d\u00e9lices culinaires et d\u00e9couvrez la Perle de l&#039;Atlantique selon vos conditions. R\u00e9servez votre voiture de location d\u00e8s maintenant pour une escapade ultime \u00e0 Mad\u00e8re\u00a0!<\/p>","protected":false},"author":6,"featured_media":3462,"comment_status":"open","ping_status":"open","sticky":false,"template":"","format":"standard","meta":{"footnotes":""},"categories":[1],"tags":[],"class_list":["post-3453","post","type-post","status-publish","format-standard","has-post-thumbnail","hentry","category-uncategorized"],"yoast_head":"<!-- This site is optimized with the Yoast SEO plugin v27.2 - https:\/\/yoast.com\/product\/yoast-seo-wordpress\/ -->\n<title>Explore the Stunning Island of Madeira with Our Rent-a-Car Services! - 22AG Madeira Rent a Car &amp; Scooter<\/title>\n<meta name=\"description\" content=\"Discover Madeira&#039;s natural beauty with our affordable and convenient rent-a-car services. Explore the island at your own pace, from scenic coastal drives to hidden gems, all made accessible with our diverse rental fleet. Enjoy outdoor adventures, savor culinary delights, and experience the Pearl of the Atlantic on your terms. Book your rental car now for the ultimate Madeira getaway!\" \/>\n<meta name=\"robots\" content=\"index, follow, max-snippet:-1, max-image-preview:large, max-video-preview:-1\" \/>\n<link rel=\"canonical\" href=\"https:\/\/22agmadeira.com\/fr\/rent-a-car-in-madeira\/\" \/>\n<meta property=\"og:locale\" content=\"fr_FR\" \/>\n<meta property=\"og:type\" content=\"article\" \/>\n<meta property=\"og:title\" content=\"Explore the Stunning Island of Madeira with Our Rent-a-Car Services! - 22AG Madeira Rent a Car &amp; Scooter\" \/>\n<meta property=\"og:description\" content=\"Discover Madeira&#039;s natural beauty with our affordable and convenient rent-a-car services. Explore the island at your own pace, from scenic coastal drives to hidden gems, all made accessible with our diverse rental fleet. Enjoy outdoor adventures, savor culinary delights, and experience the Pearl of the Atlantic on your terms. Book your rental car now for the ultimate Madeira getaway!\" \/>\n<meta property=\"og:url\" content=\"https:\/\/22agmadeira.com\/fr\/rent-a-car-in-madeira\/\" \/>\n<meta property=\"og:site_name\" content=\"22AG Madeira Rent a Car &amp; Scooter\" \/>\n<meta property=\"article:published_time\" content=\"2023-09-01T15:17:17+00:00\" \/>\n<meta property=\"article:modified_time\" content=\"2023-09-07T14:21:18+00:00\" \/>\n<meta property=\"og:image\" content=\"https:\/\/22agmadeira.com\/wp-content\/uploads\/2023\/09\/Planeando-el-viaje-a-Cuba-con-Yuppymarket-12.png\" \/>\n\t<meta property=\"og:image:width\" content=\"1200\" \/>\n\t<meta property=\"og:image:height\" content=\"628\" \/>\n\t<meta property=\"og:image:type\" content=\"image\/png\" \/>\n<meta name=\"author\" content=\"Ana Cristina\" \/>\n<meta name=\"twitter:card\" content=\"summary_large_image\" \/>\n<meta name=\"twitter:label1\" content=\"\u00c9crit par\" \/>\n\t<meta name=\"twitter:data1\" content=\"Ana Cristina\" \/>\n\t<meta name=\"twitter:label2\" content=\"Dur\u00e9e de lecture estim\u00e9e\" \/>\n\t<meta name=\"twitter:data2\" content=\"2 minutes\" \/>\n<script type=\"application\/ld+json\" class=\"yoast-schema-graph\">{\"@context\":\"https:\/\/schema.org\",\"@graph\":[{\"@type\":\"Article\",\"@id\":\"https:\/\/22agmadeira.com\/rent-a-car-in-madeira\/#article\",\"isPartOf\":{\"@id\":\"https:\/\/22agmadeira.com\/rent-a-car-in-madeira\/\"},\"author\":{\"name\":\"Ana Cristina\",\"@id\":\"https:\/\/22agmadeira.com\/fr\/#\/schema\/person\/a138db6d9f75ae2389ee3104719087d7\"},\"headline\":\"Explore the Stunning Island of Madeira with Our Rent-a-Car Services!\",\"datePublished\":\"2023-09-01T15:17:17+00:00\",\"dateModified\":\"2023-09-07T14:21:18+00:00\",\"mainEntityOfPage\":{\"@id\":\"https:\/\/22agmadeira.com\/rent-a-car-in-madeira\/\"},\"wordCount\":448,\"commentCount\":0,\"publisher\":{\"@id\":\"https:\/\/22agmadeira.com\/fr\/#organization\"},\"image\":{\"@id\":\"https:\/\/22agmadeira.com\/rent-a-car-in-madeira\/#primaryimage\"},\"thumbnailUrl\":\"https:\/\/22agmadeira.com\/wp-content\/uploads\/2023\/09\/Planeando-el-viaje-a-Cuba-con-Yuppymarket-12.png\",\"articleSection\":[\"Uncategorized\"],\"inLanguage\":\"fr-FR\",\"potentialAction\":[{\"@type\":\"CommentAction\",\"name\":\"Comment\",\"target\":[\"https:\/\/22agmadeira.com\/rent-a-car-in-madeira\/#respond\"]}]},{\"@type\":\"WebPage\",\"@id\":\"https:\/\/22agmadeira.com\/rent-a-car-in-madeira\/\",\"url\":\"https:\/\/22agmadeira.com\/rent-a-car-in-madeira\/\",\"name\":\"Explore the Stunning Island of Madeira with Our Rent-a-Car Services! - 22AG Madeira Rent a Car &amp; Scooter\",\"isPartOf\":{\"@id\":\"https:\/\/22agmadeira.com\/fr\/#website\"},\"primaryImageOfPage\":{\"@id\":\"https:\/\/22agmadeira.com\/rent-a-car-in-madeira\/#primaryimage\"},\"image\":{\"@id\":\"https:\/\/22agmadeira.com\/rent-a-car-in-madeira\/#primaryimage\"},\"thumbnailUrl\":\"https:\/\/22agmadeira.com\/wp-content\/uploads\/2023\/09\/Planeando-el-viaje-a-Cuba-con-Yuppymarket-12.png\",\"datePublished\":\"2023-09-01T15:17:17+00:00\",\"dateModified\":\"2023-09-07T14:21:18+00:00\",\"description\":\"Discover Madeira's natural beauty with our affordable and convenient rent-a-car services. Explore the island at your own pace, from scenic coastal drives to hidden gems, all made accessible with our diverse rental fleet. Enjoy outdoor adventures, savor culinary delights, and experience the Pearl of the Atlantic on your terms. Book your rental car now for the ultimate Madeira getaway!\",\"breadcrumb\":{\"@id\":\"https:\/\/22agmadeira.com\/rent-a-car-in-madeira\/#breadcrumb\"},\"inLanguage\":\"fr-FR\",\"potentialAction\":[{\"@type\":\"ReadAction\",\"target\":[\"https:\/\/22agmadeira.com\/rent-a-car-in-madeira\/\"]}]},{\"@type\":\"ImageObject\",\"inLanguage\":\"fr-FR\",\"@id\":\"https:\/\/22agmadeira.com\/rent-a-car-in-madeira\/#primaryimage\",\"url\":\"https:\/\/22agmadeira.com\/wp-content\/uploads\/2023\/09\/Planeando-el-viaje-a-Cuba-con-Yuppymarket-12.png\",\"contentUrl\":\"https:\/\/22agmadeira.com\/wp-content\/uploads\/2023\/09\/Planeando-el-viaje-a-Cuba-con-Yuppymarket-12.png\",\"width\":1200,\"height\":628},{\"@type\":\"BreadcrumbList\",\"@id\":\"https:\/\/22agmadeira.com\/rent-a-car-in-madeira\/#breadcrumb\",\"itemListElement\":[{\"@type\":\"ListItem\",\"position\":1,\"name\":\"Home\",\"item\":\"https:\/\/22agmadeira.com\/\"},{\"@type\":\"ListItem\",\"position\":2,\"name\":\"Explore the Stunning Island of Madeira with Our Rent-a-Car Services!\"}]},{\"@type\":\"WebSite\",\"@id\":\"https:\/\/22agmadeira.com\/fr\/#website\",\"url\":\"https:\/\/22agmadeira.com\/fr\/\",\"name\":\"22AG Madeira Rent a Car &amp; Scooter\",\"description\":\"Rent a Car &amp; Scooter in Madeira: Explore the Island with Comfort!\",\"publisher\":{\"@id\":\"https:\/\/22agmadeira.com\/fr\/#organization\"},\"potentialAction\":[{\"@type\":\"SearchAction\",\"target\":{\"@type\":\"EntryPoint\",\"urlTemplate\":\"https:\/\/22agmadeira.com\/fr\/?s={search_term_string}\"},\"query-input\":{\"@type\":\"PropertyValueSpecification\",\"valueRequired\":true,\"valueName\":\"search_term_string\"}}],\"inLanguage\":\"fr-FR\"},{\"@type\":\"Organization\",\"@id\":\"https:\/\/22agmadeira.com\/fr\/#organization\",\"name\":\"22AG Madeira Rent a Car &amp; Scooter\",\"url\":\"https:\/\/22agmadeira.com\/fr\/\",\"logo\":{\"@type\":\"ImageObject\",\"inLanguage\":\"fr-FR\",\"@id\":\"https:\/\/22agmadeira.com\/fr\/#\/schema\/logo\/image\/\",\"url\":\"https:\/\/22agmadeira.com\/wp-content\/uploads\/2025\/12\/cores-2024-02-scaled.png\",\"contentUrl\":\"https:\/\/22agmadeira.com\/wp-content\/uploads\/2025\/12\/cores-2024-02-scaled.png\",\"width\":2560,\"height\":643,\"caption\":\"22AG Madeira Rent a Car &amp; Scooter\"},\"image\":{\"@id\":\"https:\/\/22agmadeira.com\/fr\/#\/schema\/logo\/image\/\"}},{\"@type\":\"Person\",\"@id\":\"https:\/\/22agmadeira.com\/fr\/#\/schema\/person\/a138db6d9f75ae2389ee3104719087d7\",\"name\":\"Ana Cristina\",\"image\":{\"@type\":\"ImageObject\",\"inLanguage\":\"fr-FR\",\"@id\":\"https:\/\/secure.gravatar.com\/avatar\/6c56197cd4a3819872833c39b01bdd7046c9dd184ae43640f79cff174f800aae?s=96&d=mm&r=g\",\"url\":\"https:\/\/secure.gravatar.com\/avatar\/6c56197cd4a3819872833c39b01bdd7046c9dd184ae43640f79cff174f800aae?s=96&d=mm&r=g\",\"contentUrl\":\"https:\/\/secure.gravatar.com\/avatar\/6c56197cd4a3819872833c39b01bdd7046c9dd184ae43640f79cff174f800aae?s=96&d=mm&r=g\",\"caption\":\"Ana Cristina\"},\"url\":\"https:\/\/22agmadeira.com\/fr\/author\/22agc\/\"}]}<\/script>\n<!-- \/ Yoast SEO plugin. -->","yoast_head_json":{"title":"Explore the Stunning Island of Madeira with Our Rent-a-Car Services! - 22AG Madeira Rent a Car &amp; Scooter","description":"D\u00e9couvrez la beaut\u00e9 naturelle de Mad\u00e8re gr\u00e2ce \u00e0 nos services de location de voiture abordables et pratiques. Explorez l&#039;\u00eele \u00e0 votre rythme, des routes c\u00f4ti\u00e8res pittoresques aux tr\u00e9sors cach\u00e9s, le tout rendu accessible gr\u00e2ce \u00e0 notre flotte de location diversifi\u00e9e. Profitez d&#039;aventures en plein air, savourez des d\u00e9lices culinaires et d\u00e9couvrez la Perle de l&#039;Atlantique selon vos conditions. R\u00e9servez votre voiture de location d\u00e8s maintenant pour une escapade ultime \u00e0 Mad\u00e8re\u00a0!","robots":{"index":"index","follow":"follow","max-snippet":"max-snippet:-1","max-image-preview":"max-image-preview:large","max-video-preview":"max-video-preview:-1"},"canonical":"https:\/\/22agmadeira.com\/fr\/rent-a-car-in-madeira\/","og_locale":"fr_FR","og_type":"article","og_title":"Explore the Stunning Island of Madeira with Our Rent-a-Car Services! - 22AG Madeira Rent a Car &amp; Scooter","og_description":"Discover Madeira's natural beauty with our affordable and convenient rent-a-car services. Explore the island at your own pace, from scenic coastal drives to hidden gems, all made accessible with our diverse rental fleet. Enjoy outdoor adventures, savor culinary delights, and experience the Pearl of the Atlantic on your terms. Book your rental car now for the ultimate Madeira getaway!","og_url":"https:\/\/22agmadeira.com\/fr\/rent-a-car-in-madeira\/","og_site_name":"22AG Madeira Rent a Car &amp; Scooter","article_published_time":"2023-09-01T15:17:17+00:00","article_modified_time":"2023-09-07T14:21:18+00:00","og_image":[{"width":1200,"height":628,"url":"https:\/\/22agmadeira.com\/wp-content\/uploads\/2023\/09\/Planeando-el-viaje-a-Cuba-con-Yuppymarket-12.png","type":"image\/png"}],"author":"Ana Cristina","twitter_card":"summary_large_image","twitter_misc":{"\u00c9crit par":"Ana Cristina","Dur\u00e9e de lecture estim\u00e9e":"2 minutes"},"schema":{"@context":"https:\/\/schema.org","@graph":[{"@type":"Article","@id":"https:\/\/22agmadeira.com\/rent-a-car-in-madeira\/#article","isPartOf":{"@id":"https:\/\/22agmadeira.com\/rent-a-car-in-madeira\/"},"author":{"name":"Ana Cristina","@id":"https:\/\/22agmadeira.com\/fr\/#\/schema\/person\/a138db6d9f75ae2389ee3104719087d7"},"headline":"Explore the Stunning Island of Madeira with Our Rent-a-Car Services!","datePublished":"2023-09-01T15:17:17+00:00","dateModified":"2023-09-07T14:21:18+00:00","mainEntityOfPage":{"@id":"https:\/\/22agmadeira.com\/rent-a-car-in-madeira\/"},"wordCount":448,"commentCount":0,"publisher":{"@id":"https:\/\/22agmadeira.com\/fr\/#organization"},"image":{"@id":"https:\/\/22agmadeira.com\/rent-a-car-in-madeira\/#primaryimage"},"thumbnailUrl":"https:\/\/22agmadeira.com\/wp-content\/uploads\/2023\/09\/Planeando-el-viaje-a-Cuba-con-Yuppymarket-12.png","articleSection":["Uncategorized"],"inLanguage":"fr-FR","potentialAction":[{"@type":"CommentAction","name":"Comment","target":["https:\/\/22agmadeira.com\/rent-a-car-in-madeira\/#respond"]}]},{"@type":"WebPage","@id":"https:\/\/22agmadeira.com\/rent-a-car-in-madeira\/","url":"https:\/\/22agmadeira.com\/rent-a-car-in-madeira\/","name":"Explore the Stunning Island of Madeira with Our Rent-a-Car Services! - 22AG Madeira Rent a Car &amp; Scooter","isPartOf":{"@id":"https:\/\/22agmadeira.com\/fr\/#website"},"primaryImageOfPage":{"@id":"https:\/\/22agmadeira.com\/rent-a-car-in-madeira\/#primaryimage"},"image":{"@id":"https:\/\/22agmadeira.com\/rent-a-car-in-madeira\/#primaryimage"},"thumbnailUrl":"https:\/\/22agmadeira.com\/wp-content\/uploads\/2023\/09\/Planeando-el-viaje-a-Cuba-con-Yuppymarket-12.png","datePublished":"2023-09-01T15:17:17+00:00","dateModified":"2023-09-07T14:21:18+00:00","description":"D\u00e9couvrez la beaut\u00e9 naturelle de Mad\u00e8re gr\u00e2ce \u00e0 nos services de location de voiture abordables et pratiques. Explorez l&#039;\u00eele \u00e0 votre rythme, des routes c\u00f4ti\u00e8res pittoresques aux tr\u00e9sors cach\u00e9s, le tout rendu accessible gr\u00e2ce \u00e0 notre flotte de location diversifi\u00e9e. Profitez d&#039;aventures en plein air, savourez des d\u00e9lices culinaires et d\u00e9couvrez la Perle de l&#039;Atlantique selon vos conditions. R\u00e9servez votre voiture de location d\u00e8s maintenant pour une escapade ultime \u00e0 Mad\u00e8re\u00a0!","breadcrumb":{"@id":"https:\/\/22agmadeira.com\/rent-a-car-in-madeira\/#breadcrumb"},"inLanguage":"fr-FR","potentialAction":[{"@type":"ReadAction","target":["https:\/\/22agmadeira.com\/rent-a-car-in-madeira\/"]}]},{"@type":"ImageObject","inLanguage":"fr-FR","@id":"https:\/\/22agmadeira.com\/rent-a-car-in-madeira\/#primaryimage","url":"https:\/\/22agmadeira.com\/wp-content\/uploads\/2023\/09\/Planeando-el-viaje-a-Cuba-con-Yuppymarket-12.png","contentUrl":"https:\/\/22agmadeira.com\/wp-content\/uploads\/2023\/09\/Planeando-el-viaje-a-Cuba-con-Yuppymarket-12.png","width":1200,"height":628},{"@type":"BreadcrumbList","@id":"https:\/\/22agmadeira.com\/rent-a-car-in-madeira\/#breadcrumb","itemListElement":[{"@type":"ListItem","position":1,"name":"Home","item":"https:\/\/22agmadeira.com\/"},{"@type":"ListItem","position":2,"name":"Explore the Stunning Island of Madeira with Our Rent-a-Car Services!"}]},{"@type":"WebSite","@id":"https:\/\/22agmadeira.com\/fr\/#website","url":"https:\/\/22agmadeira.com\/fr\/","name":"22AG Mad\u00e8re Louer une voiture et un scooter","description":"Rent a Car &amp; Scooter in Madeira: Explore the Island with Comfort!","publisher":{"@id":"https:\/\/22agmadeira.com\/fr\/#organization"},"potentialAction":[{"@type":"SearchAction","target":{"@type":"EntryPoint","urlTemplate":"https:\/\/22agmadeira.com\/fr\/?s={search_term_string}"},"query-input":{"@type":"PropertyValueSpecification","valueRequired":true,"valueName":"search_term_string"}}],"inLanguage":"fr-FR"},{"@type":"Organization","@id":"https:\/\/22agmadeira.com\/fr\/#organization","name":"22AG Mad\u00e8re Louer une voiture et un scooter","url":"https:\/\/22agmadeira.com\/fr\/","logo":{"@type":"ImageObject","inLanguage":"fr-FR","@id":"https:\/\/22agmadeira.com\/fr\/#\/schema\/logo\/image\/","url":"https:\/\/22agmadeira.com\/wp-content\/uploads\/2025\/12\/cores-2024-02-scaled.png","contentUrl":"https:\/\/22agmadeira.com\/wp-content\/uploads\/2025\/12\/cores-2024-02-scaled.png","width":2560,"height":643,"caption":"22AG Madeira Rent a Car &amp; Scooter"},"image":{"@id":"https:\/\/22agmadeira.com\/fr\/#\/schema\/logo\/image\/"}},{"@type":"Person","@id":"https:\/\/22agmadeira.com\/fr\/#\/schema\/person\/a138db6d9f75ae2389ee3104719087d7","name":"Ana Cristina","image":{"@type":"ImageObject","inLanguage":"fr-FR","@id":"https:\/\/secure.gravatar.com\/avatar\/6c56197cd4a3819872833c39b01bdd7046c9dd184ae43640f79cff174f800aae?s=96&d=mm&r=g","url":"https:\/\/secure.gravatar.com\/avatar\/6c56197cd4a3819872833c39b01bdd7046c9dd184ae43640f79cff174f800aae?s=96&d=mm&r=g","contentUrl":"https:\/\/secure.gravatar.com\/avatar\/6c56197cd4a3819872833c39b01bdd7046c9dd184ae43640f79cff174f800aae?s=96&d=mm&r=g","caption":"Ana Cristina"},"url":"https:\/\/22agmadeira.com\/fr\/author\/22agc\/"}]}},"_links":{"self":[{"href":"https:\/\/22agmadeira.com\/fr\/wp-json\/wp\/v2\/posts\/3453","targetHints":{"allow":["GET"]}}],"collection":[{"href":"https:\/\/22agmadeira.com\/fr\/wp-json\/wp\/v2\/posts"}],"about":[{"href":"https:\/\/22agmadeira.com\/fr\/wp-json\/wp\/v2\/types\/post"}],"author":[{"embeddable":true,"href":"https:\/\/22agmadeira.com\/fr\/wp-json\/wp\/v2\/users\/6"}],"replies":[{"embeddable":true,"href":"https:\/\/22agmadeira.com\/fr\/wp-json\/wp\/v2\/comments?post=3453"}],"version-history":[{"count":2,"href":"https:\/\/22agmadeira.com\/fr\/wp-json\/wp\/v2\/posts\/3453\/revisions"}],"predecessor-version":[{"id":3464,"href":"https:\/\/22agmadeira.com\/fr\/wp-json\/wp\/v2\/posts\/3453\/revisions\/3464"}],"wp:featuredmedia":[{"embeddable":true,"href":"https:\/\/22agmadeira.com\/fr\/wp-json\/wp\/v2\/media\/3462"}],"wp:attachment":[{"href":"https:\/\/22agmadeira.com\/fr\/wp-json\/wp\/v2\/media?parent=3453"}],"wp:term":[{"taxonomy":"category","embeddable":true,"href":"https:\/\/22agmadeira.com\/fr\/wp-json\/wp\/v2\/categories?post=3453"},{"taxonomy":"post_tag","embeddable":true,"href":"https:\/\/22agmadeira.com\/fr\/wp-json\/wp\/v2\/tags?post=3453"}],"curies":[{"name":"wp","href":"https:\/\/api.w.org\/{rel}","templated":true}]}}